{"id":1,"date":"2023-03-20T11:35:53","date_gmt":"2023-03-20T14:35:53","guid":{"rendered":"http:\/\/franquias.org\/?p=1"},"modified":"2023-04-08T16:19:28","modified_gmt":"2023-04-08T19:19:28","slug":"ola-mundo","status":"publish","type":"post","link":"https:\/\/franquias.org\/?p=1","title":{"rendered":"Segmento digital abre amplas perspectivas para novos empreendedores"},"content":{"rendered":"\n<p>O modelo de neg\u00f3cios foi implantado no ano passado e vem apresentando resultados positivos, visto que durante a pandemia percebeu-se a necessidade de contar com fontes confi\u00e1veis de not\u00edcias<\/p>\n\n\n\n<p><\/p>\n\n\n\n<p>O Instituto Brasileiro de Geografia e Estat\u00edstica (IBGE) informa que aproximadamente 700 mil pessoas passaram a pertencer da estat\u00edstica do desemprego nas duas primeiras semanas de junho no Brasil, o que aumentou o indicador de desocupa\u00e7\u00e3o de 11,8% para 12,4%. O empreendedorismo s\u00f3 aumentou durante a pandemia \u00e9 o que revela o Portal do Empreendedor. Entre 7 de mar\u00e7o e 4 de julho deste ano registrou 551.153 novos&nbsp;<strong>microempreendedores<\/strong>&nbsp;no pa\u00eds, 16.788 a mais do que no mesmo per\u00edodo de 2019.<\/p>\n\n\n\n<p>O brasileiro segue \u00e0 risca o conceito de que a crise gera oportunidade, um \u00f3timo exemplo disso \u00e9 o caso do&nbsp;empreendedor de Itapema em Santa Catarina, Jeferson Sobczack, que aproveitou a pandemia para investir em um novo modelo de neg\u00f3cio e est\u00e1 bastante otimista com os resultados.&nbsp; Ele relata que j\u00e1 foram investidos mais de R$ 117 mil em novas tecnologias, divulga\u00e7\u00e3o e ferramentas que tornam o seu neg\u00f3cio confi\u00e1vel.<\/p>\n\n\n\n<p>Para a ABF (Associa\u00e7\u00e3o Brasileira de Franquias), o mercado de franquias tem alcan\u00e7ado cada vez mais evid\u00eancia entre os empres\u00e1rios no pa\u00eds tendo em vista todos os proveitos e lucros. Quando questionado sobre esse mercado promissor, Jeferson complementa: \u201cAvaliando tudo isso, foi que surgiu a necessidade de transformar o \u2018CIDADENOAR\u2019 em franquia, para que outros empreendedores tamb\u00e9m montem o seu neg\u00f3cio com a confian\u00e7a da marca e que possam dessa forma vender todos os servi\u00e7os oferecidos pela rede.\u201d<\/p>\n\n\n\n<p>A repercuss\u00e3o do trabalho e os n\u00fameros de acessos e visualiza\u00e7\u00f5es nos portais crescem gradativamente e assim surgem oportunidades para novas tratativas de expans\u00e3o deste empreendimento. O livro &#8220;EMPREENDEDORISMO NO BRASIL&#8221; traz a informa\u00e7\u00e3o de que progressivamente os empreendedores, mesmo aqueles comprometidos com a\u00e7\u00f5es mais comuns, acreditam que seus empreendimentos, mesmo no in\u00edcio v\u00e3o adiante da gera\u00e7\u00e3o de renda e da conquista do seu sonho pessoal, bem como almejam agir como negociadores de transforma\u00e7\u00e3o e na gera\u00e7\u00e3o de riqueza para a sociedade. \u00c9 dessa mesma forma que Jeferson Sobczack acredita estar no caminho certo. \u201cA pandemia veio para nos mostrar o quanto \u00e9 importante termos portais com presen\u00e7a de parceiros locais nas cidades, gerando mais credibilidade\u201d, finalizou.<\/p>\n","protected":false},"excerpt":{"rendered":"<p>O modelo de neg\u00f3cios foi implantado no ano passado e vem apresentando resultados positivos, visto que durante a pandemia percebeu-se a necessidade de contar com fontes confi\u00e1veis de not\u00edcias O Instituto Brasileiro de Geografia e Estat\u00edstica (IBGE) informa que aproximadamente 700 mil pessoas passaram a pertencer da estat\u00edstica do desemprego nas duas primeiras semanas de [&hellip;]<\/p>\n","protected":false},"author":1,"featured_media":56,"comment_status":"open","ping_status":"open","sticky":false,"template":"","format":"standard","meta":{"footnotes":""},"categories":[3],"tags":[],"class_list":["post-1","post","type-post","status-publish","format-standard","has-post-thumbnail","hentry","category-comunicacao"],"_links":{"self":[{"href":"https:\/\/franquias.org\/index.php?rest_route=\/wp\/v2\/posts\/1","targetHints":{"allow":["GET"]}}],"collection":[{"href":"https:\/\/franquias.org\/index.php?rest_route=\/wp\/v2\/posts"}],"about":[{"href":"https:\/\/franquias.org\/index.php?rest_route=\/wp\/v2\/types\/post"}],"author":[{"embeddable":true,"href":"https:\/\/franquias.org\/index.php?rest_route=\/wp\/v2\/users\/1"}],"replies":[{"embeddable":true,"href":"https:\/\/franquias.org\/index.php?rest_route=%2Fwp%2Fv2%2Fcomments&post=1"}],"version-history":[{"count":1,"href":"https:\/\/franquias.org\/index.php?rest_route=\/wp\/v2\/posts\/1\/revisions"}],"predecessor-version":[{"id":57,"href":"https:\/\/franquias.org\/index.php?rest_route=\/wp\/v2\/posts\/1\/revisions\/57"}],"wp:featuredmedia":[{"embeddable":true,"href":"https:\/\/franquias.org\/index.php?rest_route=\/wp\/v2\/media\/56"}],"wp:attachment":[{"href":"https:\/\/franquias.org\/index.php?rest_route=%2Fwp%2Fv2%2Fmedia&parent=1"}],"wp:term":[{"taxonomy":"category","embeddable":true,"href":"https:\/\/franquias.org\/index.php?rest_route=%2Fwp%2Fv2%2Fcategories&post=1"},{"taxonomy":"post_tag","embeddable":true,"href":"https:\/\/franquias.org\/index.php?rest_route=%2Fwp%2Fv2%2Ftags&post=1"}],"curies":[{"name":"wp","href":"https:\/\/api.w.org\/{rel}","templated":true}]}}